{"id":289921,"date":"2023-11-23T13:16:10","date_gmt":"2023-11-23T12:16:10","guid":{"rendered":"https:\/\/rosanaample.com\/?p=289921"},"modified":"2024-06-28T13:54:38","modified_gmt":"2024-06-28T11:54:38","slug":"el-dia-de-reyes-es-el-dia-del-astrologo","status":"publish","type":"post","link":"https:\/\/rosanaample.com\/home\/el-dia-de-reyes-es-el-dia-del-astrologo\/","title":{"rendered":"El d\u00eda de Reyes es el d\u00eda del Astr\u00f3logo"},"content":{"rendered":"<p>Poco se habla, el d\u00eda seis de Enero de que es el d\u00eda del astr\u00f3logo.<\/p>\n<p>Y eso que cada vez somos m\u00e1s.<\/p>\n<p>Pues ya lo sabes, el 6 de enero, adem\u00e1s del d\u00eda de los Reyes Magos, es el d\u00eda del astr\u00f3logo.<\/p>\n<p>Si lees m\u00e1s all\u00e1 de los evangelios, los tres Reyes Magos, buscaban una alineaci\u00f3n perfecta, la de Sirius, J\u00fapiter y Saturno.<\/p>\n<p>Tiene sentido que sea el d\u00eda del Astr\u00f3logo.<\/p>\n<p>Los astr\u00f3logos tenemos la misi\u00f3n de que todo el que quiera viva alineado con su conjunto de estrellas.<\/p>\n<p>De este modo, todos somos reyes magos y el camino hacia Bel\u00e9n es el camino que nos lleva hacia nuestra misi\u00f3n en la vida.<\/p>\n<p>Un camino lleno de paradas, algunas imprescindibles para descansar y re-conectar, otras necesarias para plasmar y divulgar todo aquello que somos y que ya no somos.<\/p>\n<p>Conforme pasa el tiempo, la reinvenci\u00f3n se hace materia en todos los seres conscientes y despiertos, ya no es solo cosa de Madonna o Britney.<\/p>\n<p>La mujer es c\u00edclica y permitir vivir en conexi\u00f3n con esos ciclos es permitirse ser en diferentes y nuevos matices.<\/p>\n<p>Y como buena mensajera de las estrellas, interpreto tu carta natal, donde tambi\u00e9n miro los tr\u00e1nsitos planetarios.<\/p>\n<p>Los tr\u00e1nsitos planetarios es la parte de la astrolog\u00eda m\u00e1s predictiva y que m\u00e1s os flipa, por que siempre siempre atina.<\/p>\n<p>Te dejo por aqu\u00ed mi calendario de reservas por si te animas a regalarte estas navidades una sesi\u00f3n para ti o para tu ser m\u00e1s predilecto.<\/p>\n<a href='https:\/\/calendly.com\/rosanaample\/cartanatal' class='big-button bigred'>VOY A POR SU REGALO<\/a>\n<p>&nbsp;<\/p>\n","protected":false},"excerpt":{"rendered":"<p>Poco se habla, el d\u00eda seis de Enero de que es el d\u00eda del astr\u00f3logo. Y eso que cada vez somos m\u00e1s. Pues ya lo sabes, el 6 de enero, adem\u00e1s del d\u00eda de los Reyes Magos, es el d\u00eda del astr\u00f3logo. Si lees m\u00e1s all\u00e1 de los evangelios, los tres Reyes Magos, buscaban una [&hellip;]<\/p>\n","protected":false},"author":1,"featured_media":223329,"comment_status":"closed","ping_status":"open","sticky":false,"template":"","format":"standard","meta":{"_et_pb_use_builder":"","_et_pb_old_content":"","_et_gb_content_width":"","_exactmetrics_skip_tracking":false,"_exactmetrics_sitenote_active":false,"_exactmetrics_sitenote_note":"","_exactmetrics_sitenote_category":0,"_uf_show_specific_survey":0,"_uf_disable_surveys":false,"footnotes":""},"categories":[23],"tags":[],"class_list":["post-289921","post","type-post","status-publish","format-standard","has-post-thumbnail","hentry","category-astral"],"aioseo_notices":[],"_links":{"self":[{"href":"https:\/\/rosanaample.com\/home\/wp-json\/wp\/v2\/posts\/289921","targetHints":{"allow":["GET"]}}],"collection":[{"href":"https:\/\/rosanaample.com\/home\/wp-json\/wp\/v2\/posts"}],"about":[{"href":"https:\/\/rosanaample.com\/home\/wp-json\/wp\/v2\/types\/post"}],"author":[{"embeddable":true,"href":"https:\/\/rosanaample.com\/home\/wp-json\/wp\/v2\/users\/1"}],"replies":[{"embeddable":true,"href":"https:\/\/rosanaample.com\/home\/wp-json\/wp\/v2\/comments?post=289921"}],"version-history":[{"count":4,"href":"https:\/\/rosanaample.com\/home\/wp-json\/wp\/v2\/posts\/289921\/revisions"}],"predecessor-version":[{"id":289925,"href":"https:\/\/rosanaample.com\/home\/wp-json\/wp\/v2\/posts\/289921\/revisions\/289925"}],"wp:featuredmedia":[{"embeddable":true,"href":"https:\/\/rosanaample.com\/home\/wp-json\/wp\/v2\/media\/223329"}],"wp:attachment":[{"href":"https:\/\/rosanaample.com\/home\/wp-json\/wp\/v2\/media?parent=289921"}],"wp:term":[{"taxonomy":"category","embeddable":true,"href":"https:\/\/rosanaample.com\/home\/wp-json\/wp\/v2\/categories?post=289921"},{"taxonomy":"post_tag","embeddable":true,"href":"https:\/\/rosanaample.com\/home\/wp-json\/wp\/v2\/tags?post=289921"}],"curies":[{"name":"wp","href":"https:\/\/api.w.org\/{rel}","templated":true}]}}